{"html":"    <div class=\"col-12 col-lg-3\">\n                    <a class=\"link-labo-card\" href=\"https:\/\/lumieresdelaville.net\/une-pause-bien-meritee-pour-le-palais-de-la-femme-un-projet-entre-co-conception-et-reemploi\/\">\n    <article class=\"labo-card pb-4 mt-md-4\">\n        <div class=\"img-container\">\n            <img src=\"https:\/\/lumieresdelaville.net\/wp-content\/uploads\/2026\/03\/capture-decran-2026-03-30-a-11.38.26-768x653.png\"\n                 alt=\"\">\n        <\/div>\n        <div class=\"article-contents\">\n                            <p class=\"tags\">\n                                    Architecture, \n                                                Laboratoire, \n                                                Soci\u00e9t\u00e9\n                        <\/p>\n            <h1>Une pause bien m\u00e9rit\u00e9e pour le Palais de la femme : un projet entre co-conception et r\u00e9emploi<\/h1>\n            <p class=\"author\"><span>par<\/span>\n                                    L\u00e9a Demongeot Marais\n                            <\/p>\n            <p class=\"excerpt\"> En 2023, le Palais de la Femme r\u00e9nove son espace de pause gr\u00e2ce \u00e0 Faire avec architecture et l'Atelier ...<\/p>\n        <\/div>\n    <\/article>\n<\/a>            <\/div>\n    <div class=\"col-12 col-lg-3\">\n                    <a class=\"link-labo-card\" href=\"https:\/\/lumieresdelaville.net\/linsolite-histoire-du-collectif-qui-a-clandestinement-renove-lhorloge-du-pantheon\/\">\n    <article class=\"labo-card pb-4 mt-md-4\">\n        <div class=\"img-container\">\n            <img src=\"https:\/\/lumieresdelaville.net\/wp-content\/uploads\/2026\/03\/capture-decran-2026-03-30-a-11.41.22-768x595.png\"\n                 alt=\"\">\n        <\/div>\n        <div class=\"article-contents\">\n                            <p class=\"tags\">\n                                    Laboratoire, \n                                                Soci\u00e9t\u00e9\n                        <\/p>\n            <h1>L'insolite histoire du collectif qui a clandestinement r\u00e9nov\u00e9 l'horloge du panth\u00e9on<\/h1>\n            <p class=\"author\"><span>par<\/span>\n                                    Lola Roy\n                            <\/p>\n            <p class=\"excerpt\">Rest\u00e9e fig\u00e9e \u00e0 10h49 depuis le milieu des ann\u00e9es 1960, l\u2019horloge du Panth\u00e9on, con\u00e7ue par Bernard-Henry Wagner, semblait condamn\u00e9e au ...<\/p>\n        <\/div>\n    <\/article>\n<\/a>            <\/div>\n    <div class=\"col-12 col-lg-3\">\n                    <a class=\"link-labo-card\" href=\"https:\/\/lumieresdelaville.net\/habiter-pour-bifurquer-pour-un-service-public-du-logement\/\">\n    <article class=\"labo-card pb-4 mt-md-4\">\n        <div class=\"img-container\">\n            <img src=\"https:\/\/lumieresdelaville.net\/wp-content\/uploads\/2026\/03\/n\u00b07-breve.png\"\n                 alt=\"\">\n        <\/div>\n        <div class=\"article-contents\">\n                            <p class=\"tags\">\n                                    Laboratoire, \n                                                Soci\u00e9t\u00e9\n                        <\/p>\n            <h1>Habiter pour bifurquer - Pour un service public du logement<\/h1>\n            <p class=\"author\"><span>par<\/span>\n                                    Lola Roy\n                            <\/p>\n            <p class=\"excerpt\">\u00c0 l\u2019initiative de parlementaires du NFP (repr\u00e9sent\u00e9s par la d\u00e9put\u00e9e Danielle Simonnet), de la fondation Copernic (repr\u00e9sent\u00e9e par Marie-Pierre Vieu) ...<\/p>\n        <\/div>\n    <\/article>\n<\/a>            <\/div>\n    <div class=\"col-12 col-lg-3\">\n                    <a class=\"link-labo-card\" href=\"https:\/\/lumieresdelaville.net\/entretien-thierry-paquot\/\">\n    <article class=\"labo-card pb-4 mt-md-4\">\n        <div class=\"img-container\">\n            <img src=\"https:\/\/lumieresdelaville.net\/wp-content\/uploads\/2026\/03\/n\u00b07-itw-paquot.png\"\n                 alt=\"\">\n        <\/div>\n        <div class=\"article-contents\">\n                            <p class=\"tags\">\n                                    Soci\u00e9t\u00e9, \n                                                Urbanisme, \n                                                Voix\n                        <\/p>\n            <h1>Entretien avec Thierry Paquot : \u00ab La commune a plus de sens que jamais, car elle doit redevenir un lieu de discussion et de conflit \u00bb<\/h1>\n            <p class=\"author\"><span>par<\/span>\n                                    Fanny Bezie\n                            <\/p>\n            <p class=\"excerpt\">Les communes, par nature li\u00e9es aux territoires, impliquent le partage des ressources, l\u2019organisation des usages et la n\u00e9gociation des int\u00e9r\u00eats. ...<\/p>\n        <\/div>\n    <\/article>\n<\/a>            <\/div>\n","pagination":{"current":2,"total":8,"pages":[{"class":"page-number page-numbers","link":"https:\/\/lumieresdelaville.net\/theme\/societe\/","title":"1","name":"1","current":false},{"class":"page-number page-numbers current","title":"2","text":"2","name":"2","current":true},{"class":"page-number page-numbers","link":"https:\/\/lumieresdelaville.net\/theme\/societe\/page\/3\/","title":"3","name":"3","current":false},{"class":"page-number page-numbers","link":"https:\/\/lumieresdelaville.net\/theme\/societe\/page\/4\/","title":"4","name":"4","current":false},{"class":"page-number page-numbers","link":"https:\/\/lumieresdelaville.net\/theme\/societe\/page\/5\/","title":"5","name":"5","current":false},{"class":"page-number page-numbers","link":"https:\/\/lumieresdelaville.net\/theme\/societe\/page\/6\/","title":"6","name":"6","current":false},{"class":"page-number page-numbers","link":"https:\/\/lumieresdelaville.net\/theme\/societe\/page\/7\/","title":"7","name":"7","current":false},{"class":"page-number page-numbers","link":"https:\/\/lumieresdelaville.net\/theme\/societe\/page\/8\/","title":"8","name":"8","current":false}],"next":{"link":"https:\/\/lumieresdelaville.net\/theme\/societe\/page\/3\/","class":"page-numbers next"},"prev":{"link":"https:\/\/lumieresdelaville.net\/theme\/societe\/","class":"page-numbers prev"}},"is_last_page":false}