{"html":"    <div class=\"col-12 col-lg-3\">\n                    <a class=\"link-labo-card\" href=\"https:\/\/lumieresdelaville.net\/assistance-a-maitrise-dusage-et-programmation-participative-a-bresse-vallons\/\">\n    <article class=\"labo-card pb-4 mt-md-4\">\n        <div class=\"img-container\">\n            <img src=\"https:\/\/lumieresdelaville.net\/wp-content\/uploads\/2026\/03\/format-paysage-1.png\"\n                 alt=\"\">\n        <\/div>\n        <div class=\"article-contents\">\n                            <p class=\"tags\">\n                                    Laboratoire, \n                                                Soci\u00e9t\u00e9, \n                                                Urbanisme\n                        <\/p>\n            <h1>Assistance \u00e0 ma\u00eetrise d\u2019usage et programmation participative \u00e0 Bresse Vallons<\/h1>\n            <p class=\"author\"><span>par<\/span>\n                                    Lola Roy\n                            <\/p>\n            <p class=\"excerpt\">Au 1er janvier 2019, les communes de Cras-sur-Reyssouze et \u00c9trez fusionnent pour devenir la commune nouvelle de Bresse-Vallons. Cette derni\u00e8re ...<\/p>\n        <\/div>\n    <\/article>\n<\/a>            <\/div>\n    <div class=\"col-12 col-lg-3\">\n                    <a class=\"link-labo-card\" href=\"https:\/\/lumieresdelaville.net\/entretien-avec-barbara-attia-faire-de-la-ville-un-espace-sensible-la-psychologie-urbaine-en-pratique\/\">\n    <article class=\"labo-card pb-4 mt-md-4\">\n        <div class=\"img-container\">\n            <img src=\"https:\/\/lumieresdelaville.net\/wp-content\/uploads\/2026\/02\/det-barbara-attia-encre-noire_-768x875.png\"\n                 alt=\"\">\n        <\/div>\n        <div class=\"article-contents\">\n                            <p class=\"tags\">\n                                    Soci\u00e9t\u00e9, \n                                                Urbanisme, \n                                                Voix\n                        <\/p>\n            <h1>Entretien avec Barbara Attia : \u00ab\u00a0Faire de la ville un espace sensible : la psychologie urbaine en pratique \u00bb<\/h1>\n            <p class=\"author\"><span>par<\/span>\n                                    Lola Roy\n                            <\/p>\n            <p class=\"excerpt\">Fondatrice du premier cabinet de psychologie urbaine en France, Barbara Attia explore depuis dix ans la mani\u00e8re dont nos territoires ...<\/p>\n        <\/div>\n    <\/article>\n<\/a>            <\/div>\n    <div class=\"col-12 col-lg-3\">\n                    <a class=\"link-labo-card\" href=\"https:\/\/lumieresdelaville.net\/la-boussole-du-bien-etre-sorienter-ensemble-vers-la-ville-du-care\/\">\n    <article class=\"labo-card pb-4 mt-md-4\">\n        <div class=\"img-container\">\n            <img src=\"https:\/\/lumieresdelaville.net\/wp-content\/uploads\/2026\/02\/capture-decran-2026-02-16-a-12.49.48.png\"\n                 alt=\"\">\n        <\/div>\n        <div class=\"article-contents\">\n                            <p class=\"tags\">\n                                    Laboratoire, \n                                                Soci\u00e9t\u00e9, \n                                                Urbanisme\n                        <\/p>\n            <h1>La Boussole du bien-\u00eatre : s'orienter ensemble vers la ville du care<\/h1>\n            <p class=\"author\"><span>par<\/span>\n                                    L\u00e9a Demongeot Marais\n                            <\/p>\n            <p class=\"excerpt\">Une Boussole du bien-\u00eatre pour orienter les d\u00e9cisions politiques et donner la parole aux habitants, voil\u00e0 le dispositif que la ...<\/p>\n        <\/div>\n    <\/article>\n<\/a>            <\/div>\n    <div class=\"col-12 col-lg-3\">\n                    <a class=\"link-labo-card\" href=\"https:\/\/lumieresdelaville.net\/entretien-avec-lise-bourdeau-lepage-on-ne-peut-pas-prendre-soin-de-la-nature-sil-ny-a-pas-dabord-du-soin-dans-la-societe\/\">\n    <article class=\"labo-card pb-4 mt-md-4\">\n        <div class=\"img-container\">\n            <img src=\"https:\/\/lumieresdelaville.net\/wp-content\/uploads\/2026\/02\/n\u00b05-lise-bourdeau-lepage-1.png\"\n                 alt=\"\">\n        <\/div>\n        <div class=\"article-contents\">\n                            <p class=\"tags\">\n                                    Ecologie, \n                                                Urbanisme, \n                                                Voix\n                        <\/p>\n            <h1>Entretien avec Lise Bourdeau-Lepage : \u00ab\u00a0On ne peut pas prendre soin de la nature s\u2019il n\u2019y a pas d\u2019abord du soin dans la soci\u00e9t\u00e9 \u00bb<\/h1>\n            <p class=\"author\"><span>par<\/span>\n                                    Yoann Sportouch\n                            <\/p>\n            <p class=\"excerpt\">Economiste et g\u00e9ographe, Lise Bourdeau-Lepage est chercheuse et professeur de g\u00e9ographie \u00e0 l\u2019universit\u00e9 Jean-Moulin-Lyon-III. Au travers de ses recherches, des ...<\/p>\n        <\/div>\n    <\/article>\n<\/a>            <\/div>\n","pagination":{"current":2,"total":4,"pages":[{"class":"page-number page-numbers","link":"https:\/\/lumieresdelaville.net\/theme\/urbanisme\/","title":"1","name":"1","current":false},{"class":"page-number page-numbers current","title":"2","text":"2","name":"2","current":true},{"class":"page-number page-numbers","link":"https:\/\/lumieresdelaville.net\/theme\/urbanisme\/page\/3\/","title":"3","name":"3","current":false},{"class":"page-number page-numbers","link":"https:\/\/lumieresdelaville.net\/theme\/urbanisme\/page\/4\/","title":"4","name":"4","current":false}],"next":{"link":"https:\/\/lumieresdelaville.net\/theme\/urbanisme\/page\/3\/","class":"page-numbers next"},"prev":{"link":"https:\/\/lumieresdelaville.net\/theme\/urbanisme\/","class":"page-numbers prev"}},"is_last_page":false}